{"id":19,"date":"2019-05-21T10:32:19","date_gmt":"2019-05-21T07:32:19","guid":{"rendered":"http:\/\/prfarge.com.tr\/?p=19"},"modified":"2019-05-21T14:30:48","modified_gmt":"2019-05-21T11:30:48","slug":"ursi-turkiye-2018","status":"publish","type":"post","link":"https:\/\/www.prfarge.com.tr\/tr\/ursi-turkiye-2018\/","title":{"rendered":"URSI-T\u00fcrkiye 2018"},"content":{"rendered":"<p><strong>Tarih:<\/strong> 6-8 Eyl\u00fcl 2018<\/p>\n<p><strong>KONGRE ADI:<\/strong> IX. URSI-T\u00dcRK\u0130YE 2018 B\u0130L\u0130MSEL KONGRES\u0130 ULUSAL GENEL KURUL TOPLANTISI<\/p>\n<p><strong>SUNUM \u0130S\u0130MLER\u0130:<\/strong><\/p>\n<ol>\n<li>FMCX RADAR TEKN\u0130\u011e\u0130 KULLANARAK Y\u00dcKSEK \u00c7\u00d6Z\u00dcN\u00dcRL\u00dcKL\u00dc, \u0130HA \u0130N\u0130\u015e-KALKIK\u015e ALT\u0130METRE S\u0130STEM\u0130, Prof.Dr. \u015e\u0130M\u015eEK DEM\u0130R<\/li>\n<li>FMCW TEMELL\u0130 UZAYI TARAYAN 2 BOYUTLU AYRIK FREKANS D\u0130Z\u0130L\u0130 RADAR, SAVA\u015e KARADA\u011e<\/li>\n<li>PER\u0130YOD\u0130K B\u0130R\u0130M H\u00dcCRES\u0130 KARAKTER\u0130ST\u0130K MOD \u00c7\u00d6Z\u00dcMLEMES\u0130, Y\u0130\u011e\u0130T HAYKIR<\/li>\n<\/ol>\n<p><strong>A\u00c7IKLAMA:<\/strong><\/p>\n<ol>\n<li>URSI-T\u00fcrkiye 2018 Bilimsel Kongresi ve Ulusal Genel Kurulu KTO Karatay \u00dcniversitesi\u2019nin ev sahiplinde 6-8 Eyl\u00fcl 2018 tarihleri aras\u0131nda Konya\u2019da d\u00fczenlenmi\u015ftir. T\u00fcrkiye\u2019nin farkl\u0131 \u00fcniversitelerden kat\u0131lan akademisyen\/ara\u015ft\u0131rmac\u0131lar\u0131n ger\u00e7ekle\u015fmi\u015f oldu\u011fu \u00e7al\u0131\u015fmalar bilimsel kongre de payla\u015f\u0131lm\u0131\u015ft\u0131r. Yap\u0131lan \u00e7al\u0131\u015fmalar nezdinde; Kurucu-Y\u00f6neticimiz; Prof. Dr. \u015eim\u015fek Demir, RF Teknik Sorumlumuz; Sava\u015f Karada\u011f ve RF Tasar\u0131m M\u00fchendisimiz; Yi\u011fit Hayk\u0131r sunu\u015flar\u0131n\u0131 ger\u00e7ekle\u015ftirmi\u015f ve b\u00fcy\u00fck be\u011feni toplam\u0131\u015ft\u0131r.<\/li>\n<\/ol>\n<p><img loading=\"lazy\" decoding=\"async\" class=\"size-medium wp-image-20 alignleft\" src=\"http:\/\/prfarge.com.tr\/wp-content\/uploads\/2019\/05\/IMG-20180908-WA0033-300x225.jpg\" alt=\"\" width=\"300\" height=\"225\" srcset=\"https:\/\/www.prfarge.com.tr\/tr\/wp-content\/uploads\/2019\/05\/IMG-20180908-WA0033-300x225.jpg 300w, https:\/\/www.prfarge.com.tr\/tr\/wp-content\/uploads\/2019\/05\/IMG-20180908-WA0033-768x576.jpg 768w, https:\/\/www.prfarge.com.tr\/tr\/wp-content\/uploads\/2019\/05\/IMG-20180908-WA0033-1024x768.jpg 1024w, https:\/\/www.prfarge.com.tr\/tr\/wp-content\/uploads\/2019\/05\/IMG-20180908-WA0033.jpg 1600w\" sizes=\"(max-width: 300px) 100vw, 300px\" \/>\u00a0 \u00a0 \u00a0 \u00a0 \u00a0<img loading=\"lazy\" decoding=\"async\" class=\"size-medium wp-image-21\" src=\"http:\/\/prfarge.com.tr\/wp-content\/uploads\/2019\/05\/IMG_20180907_153712-300x225.jpg\" alt=\"\" width=\"300\" height=\"225\" srcset=\"https:\/\/www.prfarge.com.tr\/tr\/wp-content\/uploads\/2019\/05\/IMG_20180907_153712-300x225.jpg 300w, https:\/\/www.prfarge.com.tr\/tr\/wp-content\/uploads\/2019\/05\/IMG_20180907_153712-768x576.jpg 768w, https:\/\/www.prfarge.com.tr\/tr\/wp-content\/uploads\/2019\/05\/IMG_20180907_153712-1024x768.jpg 1024w\" sizes=\"(max-width: 300px) 100vw, 300px\" \/>\u00a0 \u00a0 <img loading=\"lazy\" decoding=\"async\" class=\"alignnone size-medium wp-image-22\" src=\"http:\/\/prfarge.com.tr\/wp-content\/uploads\/2019\/05\/IMG-20181126-WA0016-300x300.jpg\" alt=\"\" width=\"300\" height=\"300\" srcset=\"https:\/\/www.prfarge.com.tr\/tr\/wp-content\/uploads\/2019\/05\/IMG-20181126-WA0016-300x300.jpg 300w, https:\/\/www.prfarge.com.tr\/tr\/wp-content\/uploads\/2019\/05\/IMG-20181126-WA0016-150x150.jpg 150w, https:\/\/www.prfarge.com.tr\/tr\/wp-content\/uploads\/2019\/05\/IMG-20181126-WA0016-768x768.jpg 768w, https:\/\/www.prfarge.com.tr\/tr\/wp-content\/uploads\/2019\/05\/IMG-20181126-WA0016-1024x1024.jpg 1024w, https:\/\/www.prfarge.com.tr\/tr\/wp-content\/uploads\/2019\/05\/IMG-20181126-WA0016.jpg 1600w\" sizes=\"(max-width: 300px) 100vw, 300px\" \/><\/p>\n","protected":false},"excerpt":{"rendered":"<p>Tarih: 6-8 Eyl\u00fcl 2018 KONGRE ADI: IX. URSI-T\u00dcRK\u0130YE 2018 B\u0130L\u0130MSEL KONGRES\u0130 ULUSAL GENEL KURUL TOPLANTISI SUNUM \u0130S\u0130MLER\u0130: FMCX RADAR TEKN\u0130\u011e\u0130 KULLANARAK Y\u00dcKSEK \u00c7\u00d6Z\u00dcN\u00dcRL\u00dcKL\u00dc, \u0130HA \u0130N\u0130\u015e-KALKIK\u015e ALT\u0130METRE S\u0130STEM\u0130, Prof.Dr. \u015e\u0130M\u015eEK DEM\u0130R FMCW TEMELL\u0130 UZAYI TARAYAN 2 BOYUTLU AYRIK FREKANS D\u0130Z\u0130L\u0130 RADAR, SAVA\u015e KARADA\u011e PER\u0130YOD\u0130K B\u0130R\u0130M H\u00dcCRES\u0130 KARAKTER\u0130ST\u0130K MOD \u00c7\u00d6Z\u00dcMLEMES\u0130, Y\u0130\u011e\u0130T HAYKIR A\u00c7IKLAMA: URSI-T\u00fcrkiye 2018 Bilimsel Kongresi [&hellip;]<\/p>\n","protected":false},"author":1,"featured_media":23,"comment_status":"open","ping_status":"open","sticky":false,"template":"","format":"standard","meta":{"footnotes":""},"categories":[1],"tags":[],"class_list":["post-19","post","type-post","status-publish","format-standard","has-post-thumbnail","hentry","category-haberler"],"_links":{"self":[{"href":"https:\/\/www.prfarge.com.tr\/tr\/wp-json\/wp\/v2\/posts\/19"}],"collection":[{"href":"https:\/\/www.prfarge.com.tr\/tr\/wp-json\/wp\/v2\/posts"}],"about":[{"href":"https:\/\/www.prfarge.com.tr\/tr\/wp-json\/wp\/v2\/types\/post"}],"author":[{"embeddable":true,"href":"https:\/\/www.prfarge.com.tr\/tr\/wp-json\/wp\/v2\/users\/1"}],"replies":[{"embeddable":true,"href":"https:\/\/www.prfarge.com.tr\/tr\/wp-json\/wp\/v2\/comments?post=19"}],"version-history":[{"count":1,"href":"https:\/\/www.prfarge.com.tr\/tr\/wp-json\/wp\/v2\/posts\/19\/revisions"}],"predecessor-version":[{"id":24,"href":"https:\/\/www.prfarge.com.tr\/tr\/wp-json\/wp\/v2\/posts\/19\/revisions\/24"}],"wp:featuredmedia":[{"embeddable":true,"href":"https:\/\/www.prfarge.com.tr\/tr\/wp-json\/wp\/v2\/media\/23"}],"wp:attachment":[{"href":"https:\/\/www.prfarge.com.tr\/tr\/wp-json\/wp\/v2\/media?parent=19"}],"wp:term":[{"taxonomy":"category","embeddable":true,"href":"https:\/\/www.prfarge.com.tr\/tr\/wp-json\/wp\/v2\/categories?post=19"},{"taxonomy":"post_tag","embeddable":true,"href":"https:\/\/www.prfarge.com.tr\/tr\/wp-json\/wp\/v2\/tags?post=19"}],"curies":[{"name":"wp","href":"https:\/\/api.w.org\/{rel}","templated":true}]}}